{"id":2387,"date":"2020-01-16T21:10:02","date_gmt":"2020-01-17T00:10:02","guid":{"rendered":"https:\/\/fraternidadesemfronteiras.ch\/?p=2387"},"modified":"2020-05-13T18:16:08","modified_gmt":"2020-05-13T21:16:08","slug":"charity-brunch-in-unterstuetzung-der-bruederlichkeit-ohne-grenzen","status":"publish","type":"post","link":"https:\/\/fraternidadesemfronteiras.ch\/de\/charity-brunch-in-unterstuetzung-der-bruederlichkeit-ohne-grenzen\/","title":{"rendered":"Charity-Brunch in Unterst\u00fctzung der Br\u00fcderlichkeit ohne Grenzen"},"content":{"rendered":"<p><em>Mit kleinen monatlichen Spenden der Paten bewirkt die\u00a0 &#8218;Br\u00fcderlichkeit ohne Grenzen\u2018 einen grossen Unterschied im Leben gef\u00e4hrdeter Kinder und ihrer Familien.<\/em><\/p>\n<p><em>Mit unserem Wohlt\u00e4tigkeits-Brunch wird Geld gesammelt, um die notwendige Infrastruktur (Kinderheime, Brunnen etc.) aufzubauen.<\/em><\/p>\n<p><em>Am Brunch werden Schweizerische und Brasilianische K\u00f6stlichkeiten zum Degustieren angeboten. <\/em><\/p>\n<p><em>Zus\u00e4tzlich zum Gaumengenuss k\u00f6nnen sich die Kinder kreativ bet\u00e4tigen und Kind-Theater und Afrikanischer Tanz degustieren. <\/em><\/p>\n<p><strong><em>Melden Sie sich!<\/em><\/strong><\/p>\n<p><strong><em>Ladet auch eure Freunde!<\/em><\/strong><\/p>\n<p><em>\u2728\ud83d\udd90\ud83c\udffd\ud83d\udd90\ud83d\udd90\ud83c\udfff\ud83d\udd90\ud83c\udffe\ud83d\udd90\ud83c\udffb\ud83d\udd90\ud83d\udd90\ud83c\udfff\ud83d\udd90\ud83c\udffd\u2728<\/em><\/p>\n<p><em>\u00a0<\/em><\/p>\n<p><a href=\"https:\/\/www.eventbrite.co.uk\/e\/charity-brunch-in-unterstutzung-der-bruderlichkeit-ohne-grenzen-tickets-82841357731\"><em>https:\/\/www.eventbrite.co.uk\/e\/charity-brunch-in-unterstutzung-der-bruderlichkeit-ohne-grenzen-tickets-82841357731<\/em><\/a><em>?<\/em><\/p>\n<p><em>\u00a0<\/em><\/p>\n<p><em>Charity-Brunch in Unterst\u00fctzung der Br\u00fcderlichkeit ohne Grenzen<\/em><\/p>\n<p><strong><em>Sonntag, 26\/01\/20, 10-16:00 Uhr<\/em><\/strong><\/p>\n<p><em>ORT: <\/em><\/p>\n<p><em>Gemeinde Zentrum Riesbach<\/em><\/p>\n<p><em>Seefeldstrasse 93<\/em><\/p>\n<p><em>8008 Z\u00fcrich<\/em><\/p>\n<p><em>Attraktionen:<\/em><\/p>\n<p><em>ab 10:00 Wohlt\u00e4tigkeits-Basar<\/em><\/p>\n<p><em>11:00\u00a0 Kinder-Theater durch Wellerson Santos<\/em><\/p>\n<p><em>12:00\u00a0 Afrikanischer Tanz, vorgetragen durch &#8222;Caf\u00e9 au Lait&#8220; (afrikanische Tanzgruppe von Z\u00fcrich f\u00fcr Kinder und Jugendliche)<\/em><\/p>\n<p><em>Der Eintritt f\u00fcr Erwachsene und Kinder ab 13 Jahre betr\u00e4gt CHF 25, f\u00fcr Kinder von 6-12 Jahren CHF 15 und Kinder unter 6 Jahren sind kostenlos.<\/em><\/p>\n<p><em>Informationen und Reservierungen: + 41 76 812 6542 oder <\/em><\/p>\n<p><em>https:\/\/charity-brunch-bruederlichkeitohnegrenzen2020.eventbrite.ch<\/em><\/p>\n<p><em>www.fraternidadesemfronteiras.ch\/de\/<\/em><\/p>\n","protected":false},"excerpt":{"rendered":"<p>Mit kleinen monatlichen Spenden der Paten bewirkt die\u00a0 &#8218;Br\u00fcderlichkeit ohne Grenzen\u2018 einen grossen Unterschied im Leben gef\u00e4hrdeter Kinder und ihrer Familien. Mit unserem Wohlt\u00e4tigkeits-Brunch wird Geld gesammelt, um die notwendige Infrastruktur (Kinderheime, Brunnen etc.) aufzubauen. Am Brunch werden Schweizerische und Brasilianische K\u00f6stlichkeiten zum Degustieren angeboten. Zus\u00e4tzlich zum Gaumengenuss k\u00f6nnen sich die Kinder kreativ bet\u00e4tigen und [&hellip;]<\/p>\n","protected":false},"author":3,"featured_media":2388,"comment_status":"open","ping_status":"open","sticky":false,"template":"","format":"standard","meta":{"footnotes":""},"categories":[149],"tags":[],"class_list":["post-2387","post","type-post","status-publish","format-standard","has-post-thumbnail","hentry","category-novidades-de"],"yoast_head":"<!-- This site is optimized with the Yoast SEO plugin v27.4 - https:\/\/yoast.com\/product\/yoast-seo-wordpress\/ -->\n<title>Charity-Brunch in Unterst\u00fctzung der Br\u00fcderlichkeit ohne Grenzen - Fraternidade Sem Fronteiras<\/title>\n<meta name=\"robots\" content=\"index, follow, max-snippet:-1, max-image-preview:large, max-video-preview:-1\" \/>\n<link rel=\"canonical\" href=\"https:\/\/fraternidadesemfronteiras.ch\/de\/charity-brunch-in-unterstuetzung-der-bruederlichkeit-ohne-grenzen\/\" \/>\n<meta property=\"og:locale\" content=\"de_DE\" \/>\n<meta property=\"og:type\" content=\"article\" \/>\n<meta property=\"og:title\" content=\"Charity-Brunch in Unterst\u00fctzung der Br\u00fcderlichkeit ohne Grenzen - Fraternidade Sem Fronteiras\" \/>\n<meta property=\"og:description\" content=\"Mit kleinen monatlichen Spenden der Paten bewirkt die\u00a0 &#8218;Br\u00fcderlichkeit ohne Grenzen\u2018 einen grossen Unterschied im Leben gef\u00e4hrdeter Kinder und ihrer Familien. Mit unserem Wohlt\u00e4tigkeits-Brunch wird Geld gesammelt, um die notwendige Infrastruktur (Kinderheime, Brunnen etc.) aufzubauen. Am Brunch werden Schweizerische und Brasilianische K\u00f6stlichkeiten zum Degustieren angeboten. Zus\u00e4tzlich zum Gaumengenuss k\u00f6nnen sich die Kinder kreativ bet\u00e4tigen und [&hellip;]\" \/>\n<meta property=\"og:url\" content=\"https:\/\/fraternidadesemfronteiras.ch\/de\/charity-brunch-in-unterstuetzung-der-bruederlichkeit-ohne-grenzen\/\" \/>\n<meta property=\"og:site_name\" content=\"Fraternidade Sem Fronteiras\" \/>\n<meta property=\"article:published_time\" content=\"2020-01-17T00:10:02+00:00\" \/>\n<meta property=\"article:modified_time\" content=\"2020-05-13T21:16:08+00:00\" \/>\n<meta property=\"og:image\" content=\"https:\/\/fraternidadesemfronteiras.ch\/wp-content\/uploads\/2020\/01\/PHOTO-01-Brunch-26-01-2020.jpg\" \/>\n\t<meta property=\"og:image:width\" content=\"800\" \/>\n\t<meta property=\"og:image:height\" content=\"800\" \/>\n\t<meta property=\"og:image:type\" content=\"image\/jpeg\" \/>\n<meta name=\"author\" content=\"Fraternidade sem Fronteiras\" \/>\n<meta name=\"twitter:card\" content=\"summary_large_image\" \/>\n<meta name=\"twitter:label1\" content=\"Verfasst von\" \/>\n\t<meta name=\"twitter:data1\" content=\"Fraternidade sem Fronteiras\" \/>\n\t<meta name=\"twitter:label2\" content=\"Gesch\u00e4tzte Lesezeit\" \/>\n\t<meta name=\"twitter:data2\" content=\"1\u00a0Minute\" \/>\n<script type=\"application\/ld+json\" class=\"yoast-schema-graph\">{\"@context\":\"https:\\\/\\\/schema.org\",\"@graph\":[{\"@type\":\"Article\",\"@id\":\"https:\\\/\\\/fraternidadesemfronteiras.ch\\\/de\\\/charity-brunch-in-unterstuetzung-der-bruederlichkeit-ohne-grenzen\\\/#article\",\"isPartOf\":{\"@id\":\"https:\\\/\\\/fraternidadesemfronteiras.ch\\\/de\\\/charity-brunch-in-unterstuetzung-der-bruederlichkeit-ohne-grenzen\\\/\"},\"author\":{\"name\":\"Fraternidade sem Fronteiras\",\"@id\":\"https:\\\/\\\/fraternidadesemfronteiras.ch\\\/#\\\/schema\\\/person\\\/19c9aeaf577d92119ef7537dd4faa302\"},\"headline\":\"Charity-Brunch in Unterst\u00fctzung der Br\u00fcderlichkeit ohne Grenzen\",\"datePublished\":\"2020-01-17T00:10:02+00:00\",\"dateModified\":\"2020-05-13T21:16:08+00:00\",\"mainEntityOfPage\":{\"@id\":\"https:\\\/\\\/fraternidadesemfronteiras.ch\\\/de\\\/charity-brunch-in-unterstuetzung-der-bruederlichkeit-ohne-grenzen\\\/\"},\"wordCount\":171,\"commentCount\":0,\"image\":{\"@id\":\"https:\\\/\\\/fraternidadesemfronteiras.ch\\\/de\\\/charity-brunch-in-unterstuetzung-der-bruederlichkeit-ohne-grenzen\\\/#primaryimage\"},\"thumbnailUrl\":\"https:\\\/\\\/fraternidadesemfronteiras.ch\\\/wp-content\\\/uploads\\\/2020\\\/01\\\/PHOTO-01-Brunch-26-01-2020.jpg\",\"articleSection\":[\"Novidades\"],\"inLanguage\":\"de\",\"potentialAction\":[{\"@type\":\"CommentAction\",\"name\":\"Comment\",\"target\":[\"https:\\\/\\\/fraternidadesemfronteiras.ch\\\/de\\\/charity-brunch-in-unterstuetzung-der-bruederlichkeit-ohne-grenzen\\\/#respond\"]}]},{\"@type\":\"WebPage\",\"@id\":\"https:\\\/\\\/fraternidadesemfronteiras.ch\\\/de\\\/charity-brunch-in-unterstuetzung-der-bruederlichkeit-ohne-grenzen\\\/\",\"url\":\"https:\\\/\\\/fraternidadesemfronteiras.ch\\\/de\\\/charity-brunch-in-unterstuetzung-der-bruederlichkeit-ohne-grenzen\\\/\",\"name\":\"Charity-Brunch in Unterst\u00fctzung der Br\u00fcderlichkeit ohne Grenzen - Fraternidade Sem Fronteiras\",\"isPartOf\":{\"@id\":\"https:\\\/\\\/fraternidadesemfronteiras.ch\\\/#website\"},\"primaryImageOfPage\":{\"@id\":\"https:\\\/\\\/fraternidadesemfronteiras.ch\\\/de\\\/charity-brunch-in-unterstuetzung-der-bruederlichkeit-ohne-grenzen\\\/#primaryimage\"},\"image\":{\"@id\":\"https:\\\/\\\/fraternidadesemfronteiras.ch\\\/de\\\/charity-brunch-in-unterstuetzung-der-bruederlichkeit-ohne-grenzen\\\/#primaryimage\"},\"thumbnailUrl\":\"https:\\\/\\\/fraternidadesemfronteiras.ch\\\/wp-content\\\/uploads\\\/2020\\\/01\\\/PHOTO-01-Brunch-26-01-2020.jpg\",\"datePublished\":\"2020-01-17T00:10:02+00:00\",\"dateModified\":\"2020-05-13T21:16:08+00:00\",\"author\":{\"@id\":\"https:\\\/\\\/fraternidadesemfronteiras.ch\\\/#\\\/schema\\\/person\\\/19c9aeaf577d92119ef7537dd4faa302\"},\"breadcrumb\":{\"@id\":\"https:\\\/\\\/fraternidadesemfronteiras.ch\\\/de\\\/charity-brunch-in-unterstuetzung-der-bruederlichkeit-ohne-grenzen\\\/#breadcrumb\"},\"inLanguage\":\"de\",\"potentialAction\":[{\"@type\":\"ReadAction\",\"target\":[\"https:\\\/\\\/fraternidadesemfronteiras.ch\\\/de\\\/charity-brunch-in-unterstuetzung-der-bruederlichkeit-ohne-grenzen\\\/\"]}]},{\"@type\":\"ImageObject\",\"inLanguage\":\"de\",\"@id\":\"https:\\\/\\\/fraternidadesemfronteiras.ch\\\/de\\\/charity-brunch-in-unterstuetzung-der-bruederlichkeit-ohne-grenzen\\\/#primaryimage\",\"url\":\"https:\\\/\\\/fraternidadesemfronteiras.ch\\\/wp-content\\\/uploads\\\/2020\\\/01\\\/PHOTO-01-Brunch-26-01-2020.jpg\",\"contentUrl\":\"https:\\\/\\\/fraternidadesemfronteiras.ch\\\/wp-content\\\/uploads\\\/2020\\\/01\\\/PHOTO-01-Brunch-26-01-2020.jpg\",\"width\":800,\"height\":800},{\"@type\":\"BreadcrumbList\",\"@id\":\"https:\\\/\\\/fraternidadesemfronteiras.ch\\\/de\\\/charity-brunch-in-unterstuetzung-der-bruederlichkeit-ohne-grenzen\\\/#breadcrumb\",\"itemListElement\":[{\"@type\":\"ListItem\",\"position\":1,\"name\":\"Home\",\"item\":\"https:\\\/\\\/fraternidadesemfronteiras.ch\\\/\"},{\"@type\":\"ListItem\",\"position\":2,\"name\":\"Charity-Brunch in Unterst\u00fctzung der Br\u00fcderlichkeit ohne Grenzen\"}]},{\"@type\":\"WebSite\",\"@id\":\"https:\\\/\\\/fraternidadesemfronteiras.ch\\\/#website\",\"url\":\"https:\\\/\\\/fraternidadesemfronteiras.ch\\\/\",\"name\":\"Fraternidade Sem Fronteiras\",\"description\":\"Somos uma organiza\u00e7\u00e3o humanit\u00e1ria que atua em alguns dos lugares mais pobres do planeta\",\"potentialAction\":[{\"@type\":\"SearchAction\",\"target\":{\"@type\":\"EntryPoint\",\"urlTemplate\":\"https:\\\/\\\/fraternidadesemfronteiras.ch\\\/?s={search_term_string}\"},\"query-input\":{\"@type\":\"PropertyValueSpecification\",\"valueRequired\":true,\"valueName\":\"search_term_string\"}}],\"inLanguage\":\"de\"},{\"@type\":\"Person\",\"@id\":\"https:\\\/\\\/fraternidadesemfronteiras.ch\\\/#\\\/schema\\\/person\\\/19c9aeaf577d92119ef7537dd4faa302\",\"name\":\"Fraternidade sem Fronteiras\",\"image\":{\"@type\":\"ImageObject\",\"inLanguage\":\"de\",\"@id\":\"https:\\\/\\\/secure.gravatar.com\\\/avatar\\\/18231a4cf88f9cdabefc4375f90d2b16e3b59dbdacd393ffb5c1b9c5605a2480?s=96&d=mm&r=g\",\"url\":\"https:\\\/\\\/secure.gravatar.com\\\/avatar\\\/18231a4cf88f9cdabefc4375f90d2b16e3b59dbdacd393ffb5c1b9c5605a2480?s=96&d=mm&r=g\",\"contentUrl\":\"https:\\\/\\\/secure.gravatar.com\\\/avatar\\\/18231a4cf88f9cdabefc4375f90d2b16e3b59dbdacd393ffb5c1b9c5605a2480?s=96&d=mm&r=g\",\"caption\":\"Fraternidade sem Fronteiras\"},\"sameAs\":[\"https:\\\/\\\/fraternidadesemfronteiras.ch\"],\"url\":\"https:\\\/\\\/fraternidadesemfronteiras.ch\\\/de\\\/author\\\/contato\\\/\"}]}<\/script>\n<!-- \/ Yoast SEO plugin. -->","yoast_head_json":{"title":"Charity-Brunch in Unterst\u00fctzung der Br\u00fcderlichkeit ohne Grenzen - Fraternidade Sem Fronteiras","robots":{"index":"index","follow":"follow","max-snippet":"max-snippet:-1","max-image-preview":"max-image-preview:large","max-video-preview":"max-video-preview:-1"},"canonical":"https:\/\/fraternidadesemfronteiras.ch\/de\/charity-brunch-in-unterstuetzung-der-bruederlichkeit-ohne-grenzen\/","og_locale":"de_DE","og_type":"article","og_title":"Charity-Brunch in Unterst\u00fctzung der Br\u00fcderlichkeit ohne Grenzen - Fraternidade Sem Fronteiras","og_description":"Mit kleinen monatlichen Spenden der Paten bewirkt die\u00a0 &#8218;Br\u00fcderlichkeit ohne Grenzen\u2018 einen grossen Unterschied im Leben gef\u00e4hrdeter Kinder und ihrer Familien. Mit unserem Wohlt\u00e4tigkeits-Brunch wird Geld gesammelt, um die notwendige Infrastruktur (Kinderheime, Brunnen etc.) aufzubauen. Am Brunch werden Schweizerische und Brasilianische K\u00f6stlichkeiten zum Degustieren angeboten. Zus\u00e4tzlich zum Gaumengenuss k\u00f6nnen sich die Kinder kreativ bet\u00e4tigen und [&hellip;]","og_url":"https:\/\/fraternidadesemfronteiras.ch\/de\/charity-brunch-in-unterstuetzung-der-bruederlichkeit-ohne-grenzen\/","og_site_name":"Fraternidade Sem Fronteiras","article_published_time":"2020-01-17T00:10:02+00:00","article_modified_time":"2020-05-13T21:16:08+00:00","og_image":[{"width":800,"height":800,"url":"https:\/\/fraternidadesemfronteiras.ch\/wp-content\/uploads\/2020\/01\/PHOTO-01-Brunch-26-01-2020.jpg","type":"image\/jpeg"}],"author":"Fraternidade sem Fronteiras","twitter_card":"summary_large_image","twitter_misc":{"Verfasst von":"Fraternidade sem Fronteiras","Gesch\u00e4tzte Lesezeit":"1\u00a0Minute"},"schema":{"@context":"https:\/\/schema.org","@graph":[{"@type":"Article","@id":"https:\/\/fraternidadesemfronteiras.ch\/de\/charity-brunch-in-unterstuetzung-der-bruederlichkeit-ohne-grenzen\/#article","isPartOf":{"@id":"https:\/\/fraternidadesemfronteiras.ch\/de\/charity-brunch-in-unterstuetzung-der-bruederlichkeit-ohne-grenzen\/"},"author":{"name":"Fraternidade sem Fronteiras","@id":"https:\/\/fraternidadesemfronteiras.ch\/#\/schema\/person\/19c9aeaf577d92119ef7537dd4faa302"},"headline":"Charity-Brunch in Unterst\u00fctzung der Br\u00fcderlichkeit ohne Grenzen","datePublished":"2020-01-17T00:10:02+00:00","dateModified":"2020-05-13T21:16:08+00:00","mainEntityOfPage":{"@id":"https:\/\/fraternidadesemfronteiras.ch\/de\/charity-brunch-in-unterstuetzung-der-bruederlichkeit-ohne-grenzen\/"},"wordCount":171,"commentCount":0,"image":{"@id":"https:\/\/fraternidadesemfronteiras.ch\/de\/charity-brunch-in-unterstuetzung-der-bruederlichkeit-ohne-grenzen\/#primaryimage"},"thumbnailUrl":"https:\/\/fraternidadesemfronteiras.ch\/wp-content\/uploads\/2020\/01\/PHOTO-01-Brunch-26-01-2020.jpg","articleSection":["Novidades"],"inLanguage":"de","potentialAction":[{"@type":"CommentAction","name":"Comment","target":["https:\/\/fraternidadesemfronteiras.ch\/de\/charity-brunch-in-unterstuetzung-der-bruederlichkeit-ohne-grenzen\/#respond"]}]},{"@type":"WebPage","@id":"https:\/\/fraternidadesemfronteiras.ch\/de\/charity-brunch-in-unterstuetzung-der-bruederlichkeit-ohne-grenzen\/","url":"https:\/\/fraternidadesemfronteiras.ch\/de\/charity-brunch-in-unterstuetzung-der-bruederlichkeit-ohne-grenzen\/","name":"Charity-Brunch in Unterst\u00fctzung der Br\u00fcderlichkeit ohne Grenzen - Fraternidade Sem Fronteiras","isPartOf":{"@id":"https:\/\/fraternidadesemfronteiras.ch\/#website"},"primaryImageOfPage":{"@id":"https:\/\/fraternidadesemfronteiras.ch\/de\/charity-brunch-in-unterstuetzung-der-bruederlichkeit-ohne-grenzen\/#primaryimage"},"image":{"@id":"https:\/\/fraternidadesemfronteiras.ch\/de\/charity-brunch-in-unterstuetzung-der-bruederlichkeit-ohne-grenzen\/#primaryimage"},"thumbnailUrl":"https:\/\/fraternidadesemfronteiras.ch\/wp-content\/uploads\/2020\/01\/PHOTO-01-Brunch-26-01-2020.jpg","datePublished":"2020-01-17T00:10:02+00:00","dateModified":"2020-05-13T21:16:08+00:00","author":{"@id":"https:\/\/fraternidadesemfronteiras.ch\/#\/schema\/person\/19c9aeaf577d92119ef7537dd4faa302"},"breadcrumb":{"@id":"https:\/\/fraternidadesemfronteiras.ch\/de\/charity-brunch-in-unterstuetzung-der-bruederlichkeit-ohne-grenzen\/#breadcrumb"},"inLanguage":"de","potentialAction":[{"@type":"ReadAction","target":["https:\/\/fraternidadesemfronteiras.ch\/de\/charity-brunch-in-unterstuetzung-der-bruederlichkeit-ohne-grenzen\/"]}]},{"@type":"ImageObject","inLanguage":"de","@id":"https:\/\/fraternidadesemfronteiras.ch\/de\/charity-brunch-in-unterstuetzung-der-bruederlichkeit-ohne-grenzen\/#primaryimage","url":"https:\/\/fraternidadesemfronteiras.ch\/wp-content\/uploads\/2020\/01\/PHOTO-01-Brunch-26-01-2020.jpg","contentUrl":"https:\/\/fraternidadesemfronteiras.ch\/wp-content\/uploads\/2020\/01\/PHOTO-01-Brunch-26-01-2020.jpg","width":800,"height":800},{"@type":"BreadcrumbList","@id":"https:\/\/fraternidadesemfronteiras.ch\/de\/charity-brunch-in-unterstuetzung-der-bruederlichkeit-ohne-grenzen\/#breadcrumb","itemListElement":[{"@type":"ListItem","position":1,"name":"Home","item":"https:\/\/fraternidadesemfronteiras.ch\/"},{"@type":"ListItem","position":2,"name":"Charity-Brunch in Unterst\u00fctzung der Br\u00fcderlichkeit ohne Grenzen"}]},{"@type":"WebSite","@id":"https:\/\/fraternidadesemfronteiras.ch\/#website","url":"https:\/\/fraternidadesemfronteiras.ch\/","name":"Fraternidade Sem Fronteiras","description":"Somos uma organiza\u00e7\u00e3o humanit\u00e1ria que atua em alguns dos lugares mais pobres do planeta","potentialAction":[{"@type":"SearchAction","target":{"@type":"EntryPoint","urlTemplate":"https:\/\/fraternidadesemfronteiras.ch\/?s={search_term_string}"},"query-input":{"@type":"PropertyValueSpecification","valueRequired":true,"valueName":"search_term_string"}}],"inLanguage":"de"},{"@type":"Person","@id":"https:\/\/fraternidadesemfronteiras.ch\/#\/schema\/person\/19c9aeaf577d92119ef7537dd4faa302","name":"Fraternidade sem Fronteiras","image":{"@type":"ImageObject","inLanguage":"de","@id":"https:\/\/secure.gravatar.com\/avatar\/18231a4cf88f9cdabefc4375f90d2b16e3b59dbdacd393ffb5c1b9c5605a2480?s=96&d=mm&r=g","url":"https:\/\/secure.gravatar.com\/avatar\/18231a4cf88f9cdabefc4375f90d2b16e3b59dbdacd393ffb5c1b9c5605a2480?s=96&d=mm&r=g","contentUrl":"https:\/\/secure.gravatar.com\/avatar\/18231a4cf88f9cdabefc4375f90d2b16e3b59dbdacd393ffb5c1b9c5605a2480?s=96&d=mm&r=g","caption":"Fraternidade sem Fronteiras"},"sameAs":["https:\/\/fraternidadesemfronteiras.ch"],"url":"https:\/\/fraternidadesemfronteiras.ch\/de\/author\/contato\/"}]}},"_links":{"self":[{"href":"https:\/\/fraternidadesemfronteiras.ch\/de\/wp-json\/wp\/v2\/posts\/2387","targetHints":{"allow":["GET"]}}],"collection":[{"href":"https:\/\/fraternidadesemfronteiras.ch\/de\/wp-json\/wp\/v2\/posts"}],"about":[{"href":"https:\/\/fraternidadesemfronteiras.ch\/de\/wp-json\/wp\/v2\/types\/post"}],"author":[{"embeddable":true,"href":"https:\/\/fraternidadesemfronteiras.ch\/de\/wp-json\/wp\/v2\/users\/3"}],"replies":[{"embeddable":true,"href":"https:\/\/fraternidadesemfronteiras.ch\/de\/wp-json\/wp\/v2\/comments?post=2387"}],"version-history":[{"count":0,"href":"https:\/\/fraternidadesemfronteiras.ch\/de\/wp-json\/wp\/v2\/posts\/2387\/revisions"}],"wp:featuredmedia":[{"embeddable":true,"href":"https:\/\/fraternidadesemfronteiras.ch\/de\/wp-json\/wp\/v2\/media\/2388"}],"wp:attachment":[{"href":"https:\/\/fraternidadesemfronteiras.ch\/de\/wp-json\/wp\/v2\/media?parent=2387"}],"wp:term":[{"taxonomy":"category","embeddable":true,"href":"https:\/\/fraternidadesemfronteiras.ch\/de\/wp-json\/wp\/v2\/categories?post=2387"},{"taxonomy":"post_tag","embeddable":true,"href":"https:\/\/fraternidadesemfronteiras.ch\/de\/wp-json\/wp\/v2\/tags?post=2387"}],"curies":[{"name":"wp","href":"https:\/\/api.w.org\/{rel}","templated":true}]}}